{"entity":{"iso2":null,"iso3":null,"name":"Alf\u00f6ld \u00e9s \u00c9szak","slug":"alfold-es-eszak"},"indicator":{"licence":"CC BY 4.0 (Eurostat)","slug":"pupils-enrolled-in-lower-secondary-education-by-programme-orientation-sex-and-nuts-2","source":"Eurostat","source_url":"https://ec.europa.eu/eurostat/databrowser/view/educ_uoe_enrs03","title":"Pupils enrolled in lower-secondary education by programme orientation, sex and NUTS 2 region","unit":"Number"},"observations":[{"date":"2013-01-01","value":169902.0},{"date":"2014-01-01","value":166098.0},{"date":"2015-01-01","value":164114.0},{"date":"2016-01-01","value":160605.0},{"date":"2017-01-01","value":158448.0},{"date":"2018-01-01","value":159269.0},{"date":"2019-01-01","value":157936.0},{"date":"2020-01-01","value":156961.0},{"date":"2021-01-01","value":154456.0},{"date":"2022-01-01","value":147032.0},{"date":"2023-01-01","value":142971.0},{"date":"2024-01-01","value":140238.0}],"summary":{"latest_period":"2024-01-01","latest_value":140238.0,"max":169902.0,"mean":156502.0,"min":140238.0,"of":349,"rank":106,"trend":"falling"}}
